{"id":5823,"date":"2024-11-15T11:06:48","date_gmt":"2024-11-15T09:06:48","guid":{"rendered":"https:\/\/wataaah.de\/?p=5823"},"modified":"2025-11-17T19:31:37","modified_gmt":"2025-11-17T17:31:37","slug":"release-dt-karlie-volumes-auf-vertical-pro-messe","status":"publish","type":"post","link":"https:\/\/wataaah.de\/en\/release-dt-karlie-volumes-auf-vertical-pro-messe\/","title":{"rendered":"Release DT Karlie Volumes"},"content":{"rendered":"<p>Wir freuen uns Euch unsere beliebten Karlie Glasfaservolumen\u00a0 nun auch als Double Texture Variante anbieten zu k\u00f6nnen.<\/p>\n<p>&nbsp;<\/p>\n<p>Die\u00a0<a href=\"https:\/\/wataaah.de\/products\/produkt-schlagwort\/winterkollektion-24-25\/\"><strong>Winterkollektion 24\/25<\/strong><\/a> der neuen Double Texture DT Karlie Volumes die jeden Routenbauer inspirieren wird und beim Klettern keine W\u00fcnsche offen l\u00e4sst. UNLEASH YOUR CREATIVITY!<\/p>\n<p>Alle Sets in der \u00dcbersicht mit Bildern findet Ihr unter diesem Link\u00a0 <a href=\"https:\/\/wataaah.de\/products\/produkt-schlagwort\/winterkollektion-24-25\/\"><strong>HIER<\/strong><\/a>:<\/p>\n<h3>Wir w\u00fcnschen Euch allen viel Spass beim Schrauben, Klettern und Trainieren! WATAAAH!<\/h3>\n<h3><img loading=\"lazy\" decoding=\"async\" class=\"alignnone size-medium wp-image-5835\" style=\"font-size: 16px\" src=\"https:\/\/wataaah.de\/wp-content\/uploads\/2024\/11\/DT_Fiber_2024_Gross_VerticalPro-610x284.jpg\" alt=\"\" width=\"610\" height=\"284\" srcset=\"https:\/\/wataaah.de\/wp-content\/uploads\/2024\/11\/DT_Fiber_2024_Gross_VerticalPro-610x284.jpg 610w, https:\/\/wataaah.de\/wp-content\/uploads\/2024\/11\/DT_Fiber_2024_Gross_VerticalPro-787x366.jpg 787w, https:\/\/wataaah.de\/wp-content\/uploads\/2024\/11\/DT_Fiber_2024_Gross_VerticalPro-768x357.jpg 768w, https:\/\/wataaah.de\/wp-content\/uploads\/2024\/11\/DT_Fiber_2024_Gross_VerticalPro-1536x714.jpg 1536w, https:\/\/wataaah.de\/wp-content\/uploads\/2024\/11\/DT_Fiber_2024_Gross_VerticalPro-100x47.jpg 100w, https:\/\/wataaah.de\/wp-content\/uploads\/2024\/11\/DT_Fiber_2024_Gross_VerticalPro-1200x558.jpg 1200w, https:\/\/wataaah.de\/wp-content\/uploads\/2024\/11\/DT_Fiber_2024_Gross_VerticalPro-623x290.jpg 623w, https:\/\/wataaah.de\/wp-content\/uploads\/2024\/11\/DT_Fiber_2024_Gross_VerticalPro.jpg 1920w\" sizes=\"auto, (max-width: 610px) 100vw, 610px\" \/><\/h3>\n<h3>Wir werden dieses Jahr f\u00fcr Euch auf der <a href=\"https:\/\/www.vertical-pro.de\/\">Vertical Pro<\/a> Kletterhallenmesse in Friedrichshafen sein (22.11 bis 23.11.2024):<\/h3>\n<p>Wir w\u00fcrden uns sehr freuen Euch an unserem Stand (A7-160) begr\u00fc\u00dfen zu d\u00fcrfen.<\/p>\n<p>Deshalb k\u00f6nnen wir es kaum erwarten Euch Alle endlich wiederzusehen und\u00a0 Euch die neuen Volumen,\u00a0 die komplette DragonskinLinie,\u00a0 sowie das einzigartige High-End Chalk von <a href=\"https:\/\/wataaah.de\/en\/wataaah-uebernimmt-den-deutschland-vertieb-fuer-tokyo-powder\/\"><strong>TOKYO Powder<\/strong><\/a> an unserem Stand pr\u00e4sentieren zu k\u00f6nnen!<\/p>\n<p>Wir freuen uns jetzt schon auf viele interessante Gespr\u00e4che!<\/p>\n<p>Bis bald, Euer WATAAAH Team<\/p>\n<p><a href=\"https:\/\/www.vertical-pro.de\/\"><img loading=\"lazy\" decoding=\"async\" class=\"\" src=\"https:\/\/cdn.messe-friedrichshafen.de\/assets\/vertical-pro\/social\/_1200x630_crop_center-center_none_ns\/VP24_OGImage_1200x627px_DE.jpg?v=1729841384\" alt=\"22. - 23. November 2024 | VERTICAL PRO\" width=\"427\" height=\"224\" \/><\/a><\/p>\n","protected":false},"excerpt":{"rendered":"<p>Wir freuen uns Euch unsere beliebten Karlie Glasfaservolumen\u00a0 nun auch als Double Texture Variante anbieten zu k\u00f6nnen. &nbsp; Die\u00a0Winterkollektion 24\/25 der neuen Double Texture DT Karlie Volumes die jeden Routenbauer inspirieren wird und beim Klettern keine W\u00fcnsche offen l\u00e4sst. UNLEASH YOUR CREATIVITY! Alle Sets in der \u00dcbersicht mit Bildern findet Ihr unter diesem Link\u00a0 HIER: Wir w\u00fcnschen Euch allen viel &#8230; <\/p>\n<div><a href=\"https:\/\/wataaah.de\/en\/release-dt-karlie-volumes-auf-vertical-pro-messe\/\" class=\"more-link\">Read More<\/a><\/div>\n","protected":false},"author":4,"featured_media":6314,"comment_status":"closed","ping_status":"open","sticky":false,"template":"","format":"standard","meta":{"footnotes":""},"categories":[1,6],"tags":[328,134,339,8,136,340,7],"class_list":["post-5823","post","type-post","status-publish","format-standard","has-post-thumbnail","hentry","category-allgemein","category-slider","tag-bouldering","tag-bouldern","tag-climbing","tag-klettergriffe","tag-messe","tag-verticalpro","tag-wataaah"],"aioseo_notices":[],"_links":{"self":[{"href":"https:\/\/wataaah.de\/en\/wp-json\/wp\/v2\/posts\/5823","targetHints":{"allow":["GET"]}}],"collection":[{"href":"https:\/\/wataaah.de\/en\/wp-json\/wp\/v2\/posts"}],"about":[{"href":"https:\/\/wataaah.de\/en\/wp-json\/wp\/v2\/types\/post"}],"author":[{"embeddable":true,"href":"https:\/\/wataaah.de\/en\/wp-json\/wp\/v2\/users\/4"}],"replies":[{"embeddable":true,"href":"https:\/\/wataaah.de\/en\/wp-json\/wp\/v2\/comments?post=5823"}],"version-history":[{"count":8,"href":"https:\/\/wataaah.de\/en\/wp-json\/wp\/v2\/posts\/5823\/revisions"}],"predecessor-version":[{"id":6318,"href":"https:\/\/wataaah.de\/en\/wp-json\/wp\/v2\/posts\/5823\/revisions\/6318"}],"wp:featuredmedia":[{"embeddable":true,"href":"https:\/\/wataaah.de\/en\/wp-json\/wp\/v2\/media\/6314"}],"wp:attachment":[{"href":"https:\/\/wataaah.de\/en\/wp-json\/wp\/v2\/media?parent=5823"}],"wp:term":[{"taxonomy":"category","embeddable":true,"href":"https:\/\/wataaah.de\/en\/wp-json\/wp\/v2\/categories?post=5823"},{"taxonomy":"post_tag","embeddable":true,"href":"https:\/\/wataaah.de\/en\/wp-json\/wp\/v2\/tags?post=5823"}],"curies":[{"name":"wp","href":"https:\/\/api.w.org\/{rel}","templated":true}]}}